{"id":691,"date":"2018-10-18T21:12:22","date_gmt":"2018-10-18T21:12:22","guid":{"rendered":"https:\/\/canal3argentina.tv\/?p=691"},"modified":"2018-10-18T21:12:22","modified_gmt":"2018-10-18T21:12:22","slug":"alejandro-sanz-esta-grabando-el-video-de-una-de-las-canciones-de-su-nuevo-disco","status":"publish","type":"post","link":"https:\/\/canal3argentina.tv\/index.php\/2018\/10\/18\/alejandro-sanz-esta-grabando-el-video-de-una-de-las-canciones-de-su-nuevo-disco\/","title":{"rendered":"Alejandro Sanz est\u00e1 grabando el video de una de las canciones de su nuevo disco."},"content":{"rendered":"<article class=\"col-lg-12 principal notinoti\">omo te lo hab\u00edamos contado,\u00a0<b>Alejandro Sanz<\/b>\u00a0est\u00e1 trabajando en su nuevo proyecto discogr\u00e1fico. En agosto el cantante espa\u00f1ol anunci\u00f3 que ya ten\u00eda un nuevo single listo.<\/p>\n<p>Hace apenas unas horas, en su cuenta en Instagram, el creador de\u00a0<b>&#8220;Amiga M\u00eda&#8221;<\/b>comparti\u00f3 una foto donde contaba que estaba yendo a grabar el video de la primera canci\u00f3n de su pr\u00f3ximo disco.<\/p>\n<p>El estreno tanto del video como del \u00e1lbum no tiene fecha, pero la expectativa es que todo llegue antes de finales de 2018.<\/p>\n<p>A continuaci\u00f3n mir\u00e1 la publicaci\u00f3n que hizo en redes:<\/p>\n<\/article>\n<div id=\"c-tres\"><\/div>\n<div class=\"video\">\n<div class=\"col-md-12\">\n<div class=\"instagram\"><iframe src=\"https:\/\/instagram.com\/p\/BpDVwa9Fcgo\/embed\/\" width=\"100%\" height=\"710\" frameborder=\"0\" scrolling=\"no\" data-mce-fragment=\"1\"><\/iframe><\/div>\n<\/div>\n<\/div>\n<div class=\"video\">\n<div class=\"col-md-12\"><\/div>\n<\/div>\n","protected":false},"excerpt":{"rendered":"<p>omo te lo hab\u00edamos contado,\u00a0Alejandro Sanz\u00a0est\u00e1 trabajando en su nuevo proyecto discogr\u00e1fico. En agosto el cantante espa\u00f1ol anunci\u00f3 que ya ten\u00eda un nuevo single listo. Hace apenas unas horas, en su cuenta en Instagram, el creador de\u00a0&#8220;Amiga M\u00eda&#8221;comparti\u00f3 una foto donde contaba que estaba yendo a grabar el video de la primera canci\u00f3n de su &#8230; <a title=\"Alejandro Sanz est\u00e1 grabando el video de una de las canciones de su nuevo disco.\" class=\"read-more\" href=\"https:\/\/canal3argentina.tv\/index.php\/2018\/10\/18\/alejandro-sanz-esta-grabando-el-video-de-una-de-las-canciones-de-su-nuevo-disco\/\">Read more<span class=\"screen-reader-text\">Alejandro Sanz est\u00e1 grabando el video de una de las canciones de su nuevo disco.<\/span><\/a><\/p>\n","protected":false},"author":1,"featured_media":692,"comment_status":"closed","ping_status":"closed","sticky":false,"template":"","format":"standard","meta":{"footnotes":""},"categories":[5],"tags":[],"class_list":["post-691","post","type-post","status-publish","format-standard","has-post-thumbnail","hentry","category-musica"],"_links":{"self":[{"href":"https:\/\/canal3argentina.tv\/index.php\/wp-json\/wp\/v2\/posts\/691","targetHints":{"allow":["GET"]}}],"collection":[{"href":"https:\/\/canal3argentina.tv\/index.php\/wp-json\/wp\/v2\/posts"}],"about":[{"href":"https:\/\/canal3argentina.tv\/index.php\/wp-json\/wp\/v2\/types\/post"}],"author":[{"embeddable":true,"href":"https:\/\/canal3argentina.tv\/index.php\/wp-json\/wp\/v2\/users\/1"}],"replies":[{"embeddable":true,"href":"https:\/\/canal3argentina.tv\/index.php\/wp-json\/wp\/v2\/comments?post=691"}],"version-history":[{"count":1,"href":"https:\/\/canal3argentina.tv\/index.php\/wp-json\/wp\/v2\/posts\/691\/revisions"}],"predecessor-version":[{"id":693,"href":"https:\/\/canal3argentina.tv\/index.php\/wp-json\/wp\/v2\/posts\/691\/revisions\/693"}],"wp:featuredmedia":[{"embeddable":true,"href":"https:\/\/canal3argentina.tv\/index.php\/wp-json\/wp\/v2\/media\/692"}],"wp:attachment":[{"href":"https:\/\/canal3argentina.tv\/index.php\/wp-json\/wp\/v2\/media?parent=691"}],"wp:term":[{"taxonomy":"category","embeddable":true,"href":"https:\/\/canal3argentina.tv\/index.php\/wp-json\/wp\/v2\/categories?post=691"},{"taxonomy":"post_tag","embeddable":true,"href":"https:\/\/canal3argentina.tv\/index.php\/wp-json\/wp\/v2\/tags?post=691"}],"curies":[{"name":"wp","href":"https:\/\/api.w.org\/{rel}","templated":true}]}}