{"id":700,"date":"2018-10-18T21:17:11","date_gmt":"2018-10-18T21:17:11","guid":{"rendered":"https:\/\/canal3argentina.tv\/?p=700"},"modified":"2018-10-18T21:17:11","modified_gmt":"2018-10-18T21:17:11","slug":"ramiro-bueno-son-injustas-las-agresiones-a-mi-mama-agradezco-por-como-me-cuido","status":"publish","type":"post","link":"https:\/\/canal3argentina.tv\/index.php\/2018\/10\/18\/ramiro-bueno-son-injustas-las-agresiones-a-mi-mama-agradezco-por-como-me-cuido\/","title":{"rendered":"Ramiro Bueno: &#8220;Son injustas las agresiones a mi mam\u00e1, agradezco por c\u00f3mo me cuid\u00f3&#8221;"},"content":{"rendered":"<p>&#8220;No tengo recuerdos de la noche del accidente&#8221;, coment\u00f3 el hijo del Potro Rodrigo en &#8220;Intrusos&#8221;.<\/p>\n<div class=\"news-paragraph detalle-nota\">\n<div><b>Ramiro Bueno<\/b>, el hijo del<b>\u00a0Potro Rodrigo<\/b>, habl\u00f3 en\u00a0<b>&#8220;<a class=\"agrupador\" href=\"http:\/\/www.primiciasya.com\/intrusos-a3563\" rel=\"3563\">Intrusos<\/a>&#8220;,\u00a0<a class=\"agrupador\" href=\"http:\/\/www.primiciasya.com\/america-a8832\" rel=\"8832\">Am\u00e9rica<\/a><\/b>, y defendi\u00f3 a su madre\u00a0<b>Patricia Pacheco<\/b>\u00a0de las cr\u00edticas.<\/div>\n<div><\/div>\n<p><i>&#8220;Me fui topando con los medios de a poco cuando fui creciendo. Antes no lo ten\u00edan tan presente lo grande que fue mi viejo. Logr\u00e9 entender ahora el fanatismo&#8221;<\/i>, coment\u00f3 el joven.<\/p>\n<div><\/div>\n<div>\n<div>\n<div id=\"embed52_wrap\" class=\"embed_cont type_freetext\">\n<div id=\"embed52_content\" class=\"embed_content\">\n<div id=\"embed52_embed\">\n<div><iframe src=\"https:\/\/public.welo.tv\/player\/PSQl\/\" width=\"100%\" height=\"100%\" frameborder=\"0\" allowfullscreen=\"allowfullscreen\" data-mce-fragment=\"1\"><\/iframe><\/div>\n<\/div>\n<\/div>\n<div id=\"embed52_epigrafe\" class=\"embed_epigrafe\"><\/div>\n<div id=\"embed52_copyright\" class=\"embed_copyright\"><\/div>\n<\/div>\n<\/div>\n<div>Y agreg\u00f3:\u00a0<i>&#8220;Estaba muy contento por \u00e9l. Es muy fuerte saber que mi pap\u00e1 es una leyenda. Cuando estemos preparados ir\u00e9 con mi mam\u00e1\u00a0<\/i><b>(<a class=\"agrupador\" href=\"http:\/\/www.primiciasya.com\/patricia-pacheco-a9782\" rel=\"9782\">Patricia Pacheco<\/a>)<\/b><i>\u00a0a la tumba de pap\u00e1, lo compartiremos entre madre e hijo&#8221;.<\/i><\/div>\n<div><\/div>\n<div><i>&#8220;Se est\u00e1 llevando todos los golpes ella y para m\u00ed es totalmente injusto. La pel\u00edcula no est\u00e1 contada por mi mam\u00e1 y no se le falta el respeto a mi pap\u00e1&#8221;<\/i>, finaliz\u00f3.<\/div>\n<div><\/div>\n<div><\/div>\n<div><\/div>\n<\/div>\n<\/div>\n<div class=\"gallery-container detalle-nota\">\n<div id=\"content-gallery\">\n<div id=\"fotogaleria-Object_33899_24574\" class=\"gallery\">\n<div class=\"snapshot-container\">\n<div class=\"media-wrapper image itemGallery classid2032174\"><a title=\"\" href=\"https:\/\/static.primiciasya.com\/adjuntos\/208\/imagenes\/024\/721\/0024721592.jpg\"><img decoding=\"async\" title=\"Ramiro Bueno: Son injustas las agresiones a mi mam\u00e1, agradezco por c\u00f3mo me cuid\u00f3\" src=\"https:\/\/static.primiciasya.com\/adjuntos\/208\/imagenes\/024\/721\/0024721592.jpg\" alt=\"Ramiro Bueno: Son injustas las agresiones a mi mam\u00e1, agradezco por c\u00f3mo me cuid\u00f3\" width=\"640\" \/><\/a><\/div>\n<\/div>\n<\/div>\n<\/div>\n<\/div>\n","protected":false},"excerpt":{"rendered":"<p>&#8220;No tengo recuerdos de la noche del accidente&#8221;, coment\u00f3 el hijo del Potro Rodrigo en &#8220;Intrusos&#8221;. Ramiro Bueno, el hijo del\u00a0Potro Rodrigo, habl\u00f3 en\u00a0&#8220;Intrusos&#8220;,\u00a0Am\u00e9rica, y defendi\u00f3 a su madre\u00a0Patricia Pacheco\u00a0de las cr\u00edticas. &#8220;Me fui topando con los medios de a poco cuando fui creciendo. Antes no lo ten\u00edan tan presente lo grande que fue mi &#8230; <a title=\"Ramiro Bueno: &#8220;Son injustas las agresiones a mi mam\u00e1, agradezco por c\u00f3mo me cuid\u00f3&#8221;\" class=\"read-more\" href=\"https:\/\/canal3argentina.tv\/index.php\/2018\/10\/18\/ramiro-bueno-son-injustas-las-agresiones-a-mi-mama-agradezco-por-como-me-cuido\/\">Read more<span class=\"screen-reader-text\">Ramiro Bueno: &#8220;Son injustas las agresiones a mi mam\u00e1, agradezco por c\u00f3mo me cuid\u00f3&#8221;<\/span><\/a><\/p>\n","protected":false},"author":1,"featured_media":701,"comment_status":"closed","ping_status":"closed","sticky":false,"template":"","format":"standard","meta":{"footnotes":""},"categories":[6],"tags":[],"class_list":["post-700","post","type-post","status-publish","format-standard","has-post-thumbnail","hentry","category-entretenimiento"],"_links":{"self":[{"href":"https:\/\/canal3argentina.tv\/index.php\/wp-json\/wp\/v2\/posts\/700","targetHints":{"allow":["GET"]}}],"collection":[{"href":"https:\/\/canal3argentina.tv\/index.php\/wp-json\/wp\/v2\/posts"}],"about":[{"href":"https:\/\/canal3argentina.tv\/index.php\/wp-json\/wp\/v2\/types\/post"}],"author":[{"embeddable":true,"href":"https:\/\/canal3argentina.tv\/index.php\/wp-json\/wp\/v2\/users\/1"}],"replies":[{"embeddable":true,"href":"https:\/\/canal3argentina.tv\/index.php\/wp-json\/wp\/v2\/comments?post=700"}],"version-history":[{"count":1,"href":"https:\/\/canal3argentina.tv\/index.php\/wp-json\/wp\/v2\/posts\/700\/revisions"}],"predecessor-version":[{"id":702,"href":"https:\/\/canal3argentina.tv\/index.php\/wp-json\/wp\/v2\/posts\/700\/revisions\/702"}],"wp:featuredmedia":[{"embeddable":true,"href":"https:\/\/canal3argentina.tv\/index.php\/wp-json\/wp\/v2\/media\/701"}],"wp:attachment":[{"href":"https:\/\/canal3argentina.tv\/index.php\/wp-json\/wp\/v2\/media?parent=700"}],"wp:term":[{"taxonomy":"category","embeddable":true,"href":"https:\/\/canal3argentina.tv\/index.php\/wp-json\/wp\/v2\/categories?post=700"},{"taxonomy":"post_tag","embeddable":true,"href":"https:\/\/canal3argentina.tv\/index.php\/wp-json\/wp\/v2\/tags?post=700"}],"curies":[{"name":"wp","href":"https:\/\/api.w.org\/{rel}","templated":true}]}}