{"id":797,"date":"2019-02-25T03:26:14","date_gmt":"2019-02-25T03:26:14","guid":{"rendered":"https:\/\/canal3argentina.tv\/?p=797"},"modified":"2019-02-25T03:35:35","modified_gmt":"2019-02-25T03:35:35","slug":"premios-oscar-roma-la-mejor-pelicula-extranjera","status":"publish","type":"post","link":"https:\/\/canal3argentina.tv\/index.php\/2019\/02\/25\/premios-oscar-roma-la-mejor-pelicula-extranjera\/","title":{"rendered":"Premios Oscar: ROMA &#8211; la mejor pel\u00edcula extranjera"},"content":{"rendered":"<p><span style=\"vertical-align: inherit;\"><span style=\"vertical-align: inherit;\">La pel\u00edcula Roma le di\u00f3 a Mexico su primer estatuilla en los Premios Oscar.\u00a0<\/span><span style=\"vertical-align: inherit;\">La estatuilla la recibi\u00f3 su director Alfonso Cuar\u00f3n.<\/span><\/span><\/p>\n<p><span style=\"vertical-align: inherit;\"><span style=\"vertical-align: inherit;\">El pueblo mexicano vivio con j\u00fabilo el galard\u00f3n a esta pel\u00edcula que se ambient\u00f3 en los a\u00f1os 70 y cuenta la historia de dos empleadas dom\u00e9sticas que ayudan a una madre y sus cuatro hijos. <\/span><span style=\"vertical-align: inherit;\">Y que ya recaudo 3.8 millones de d\u00f3lares desde su estreno el 27\/10\/2018.<\/span><\/span><img fetchpriority=\"high\" decoding=\"async\" class=\"alignnone size-medium wp-image-798\" src=\"https:\/\/canal3argentina.tv\/wp-content\/uploads\/2019\/02\/Roma-300x169.jpg\" alt=\"\" width=\"300\" height=\"169\" srcset=\"https:\/\/canal3argentina.tv\/wp-content\/uploads\/2019\/02\/Roma-300x169.jpg 300w, https:\/\/canal3argentina.tv\/wp-content\/uploads\/2019\/02\/Roma-768x433.jpg 768w, https:\/\/canal3argentina.tv\/wp-content\/uploads\/2019\/02\/Roma-1024x577.jpg 1024w, https:\/\/canal3argentina.tv\/wp-content\/uploads\/2019\/02\/Roma.jpg 1278w\" sizes=\"(max-width: 300px) 100vw, 300px\" \/><\/p>\n","protected":false},"excerpt":{"rendered":"<p>La pel\u00edcula Roma le di\u00f3 a Mexico su primer estatuilla en los Premios Oscar.\u00a0La estatuilla la recibi\u00f3 su director Alfonso Cuar\u00f3n. El pueblo mexicano vivio con j\u00fabilo el galard\u00f3n a esta pel\u00edcula que se ambient\u00f3 en los a\u00f1os 70 y cuenta la historia de dos empleadas dom\u00e9sticas que ayudan a una madre y sus cuatro &#8230; <a title=\"Premios Oscar: ROMA &#8211; la mejor pel\u00edcula extranjera\" class=\"read-more\" href=\"https:\/\/canal3argentina.tv\/index.php\/2019\/02\/25\/premios-oscar-roma-la-mejor-pelicula-extranjera\/\">Read more<span class=\"screen-reader-text\">Premios Oscar: ROMA &#8211; la mejor pel\u00edcula extranjera<\/span><\/a><\/p>\n","protected":false},"author":2,"featured_media":798,"comment_status":"closed","ping_status":"closed","sticky":false,"template":"","format":"standard","meta":{"footnotes":""},"categories":[6],"tags":[],"class_list":["post-797","post","type-post","status-publish","format-standard","has-post-thumbnail","hentry","category-entretenimiento"],"_links":{"self":[{"href":"https:\/\/canal3argentina.tv\/index.php\/wp-json\/wp\/v2\/posts\/797","targetHints":{"allow":["GET"]}}],"collection":[{"href":"https:\/\/canal3argentina.tv\/index.php\/wp-json\/wp\/v2\/posts"}],"about":[{"href":"https:\/\/canal3argentina.tv\/index.php\/wp-json\/wp\/v2\/types\/post"}],"author":[{"embeddable":true,"href":"https:\/\/canal3argentina.tv\/index.php\/wp-json\/wp\/v2\/users\/2"}],"replies":[{"embeddable":true,"href":"https:\/\/canal3argentina.tv\/index.php\/wp-json\/wp\/v2\/comments?post=797"}],"version-history":[{"count":5,"href":"https:\/\/canal3argentina.tv\/index.php\/wp-json\/wp\/v2\/posts\/797\/revisions"}],"predecessor-version":[{"id":804,"href":"https:\/\/canal3argentina.tv\/index.php\/wp-json\/wp\/v2\/posts\/797\/revisions\/804"}],"wp:featuredmedia":[{"embeddable":true,"href":"https:\/\/canal3argentina.tv\/index.php\/wp-json\/wp\/v2\/media\/798"}],"wp:attachment":[{"href":"https:\/\/canal3argentina.tv\/index.php\/wp-json\/wp\/v2\/media?parent=797"}],"wp:term":[{"taxonomy":"category","embeddable":true,"href":"https:\/\/canal3argentina.tv\/index.php\/wp-json\/wp\/v2\/categories?post=797"},{"taxonomy":"post_tag","embeddable":true,"href":"https:\/\/canal3argentina.tv\/index.php\/wp-json\/wp\/v2\/tags?post=797"}],"curies":[{"name":"wp","href":"https:\/\/api.w.org\/{rel}","templated":true}]}}